{"id":37445,"date":"2021-04-13T15:00:23","date_gmt":"2021-04-13T13:00:23","guid":{"rendered":"https:\/\/www.itineris-building.fr\/promoteur\/?p=37445"},"modified":"2021-04-14T17:19:22","modified_gmt":"2021-04-14T15:19:22","slug":"a-clermont-ferrand-lemplacement-est-un-sujet-majeur-pour-les-acheteurs","status":"publish","type":"post","link":"https:\/\/www.itineris-building.fr\/promoteur\/a-clermont-ferrand-lemplacement-est-un-sujet-majeur-pour-les-acheteurs\/","title":{"rendered":"\u00ab A Clermont-Ferrand, l\u2019emplacement est un sujet majeur pour les acheteurs \u00bb"},"content":{"rendered":"\t\t<div data-elementor-type=\"wp-post\" data-elementor-id=\"37445\" class=\"elementor elementor-37445\">\n\t\t\t\t\t\t<section class=\"elementor-section elementor-top-section elementor-element elementor-element-61d66e1a elementor-section-boxed elementor-section-height-default elementor-section-height-default\" data-id=\"61d66e1a\" data-element_type=\"section\">\n\t\t\t\t\t\t<div class=\"elementor-container elementor-column-gap-default\">\n\t\t\t\t\t<div class=\"elementor-column elementor-col-100 elementor-top-column elementor-element elementor-element-17d3d4f2\" data-id=\"17d3d4f2\" data-element_type=\"column\">\n\t\t\t<div class=\"elementor-widget-wrap elementor-element-populated\">\n\t\t\t\t\t\t<div class=\"elementor-element elementor-element-301f6b71 elementor-widget elementor-widget-text-editor\" data-id=\"301f6b71\" data-element_type=\"widget\" data-widget_type=\"text-editor.default\">\n\t\t\t\t<div class=\"elementor-widget-container\">\n\t\t\t\t\t\t\t\t\t\n<p>(Article Se Loger du 18 mars 2021)\u00a0<\/p>\n\t\t\t\t\t\t\t\t<\/div>\n\t\t\t\t<\/div>\n\t\t\t\t<div class=\"elementor-element elementor-element-f852f28 elementor-widget elementor-widget-text-editor\" data-id=\"f852f28\" data-element_type=\"widget\" data-widget_type=\"text-editor.default\">\n\t\t\t\t<div class=\"elementor-widget-container\">\n\t\t\t\t\t\t\t\t\t<p>T\u00e9l\u00e9charger l&rsquo;article :<\/p>\n<h4 class=\"node__title\"><a href=\"https:\/\/edito.seloger.com\/conseils-d-experts\/immobilier-local\/a-clermont-ferrand-l-emplacement-un-majeur-acheteurs-interview-41690.html\" target=\"_blank\" rel=\"noopener\"><strong>\u00ab\u00a0A Clermont-Ferrand, l\u2019emplacement est un sujet majeur pour les acheteurs\u00a0\u00bb<\/strong><\/a><\/h4>\n<p>\u00a0<\/p>\t\t\t\t\t\t\t\t<\/div>\n\t\t\t\t<\/div>\n\t\t\t\t\t<\/div>\n\t\t<\/div>\n\t\t\t\t\t<\/div>\n\t\t<\/section>\n\t\t\t\t<section class=\"elementor-section elementor-top-section elementor-element elementor-element-50c088b elementor-section-boxed elementor-section-height-default elementor-section-height-default\" data-id=\"50c088b\" data-element_type=\"section\">\n\t\t\t\t\t\t<div class=\"elementor-container elementor-column-gap-default\">\n\t\t\t\t\t<div class=\"elementor-column elementor-col-100 elementor-top-column elementor-element elementor-element-e738fed\" data-id=\"e738fed\" data-element_type=\"column\">\n\t\t\t<div class=\"elementor-widget-wrap elementor-element-populated\">\n\t\t\t\t\t\t<div class=\"elementor-element elementor-element-72f3097 elementor-widget elementor-widget-image\" data-id=\"72f3097\" data-element_type=\"widget\" data-widget_type=\"image.default\">\n\t\t\t\t<div class=\"elementor-widget-container\">\n\t\t\t\t\t\t\t\t\t\t\t\t\t\t\t<img fetchpriority=\"high\" decoding=\"async\" width=\"960\" height=\"640\" src=\"https:\/\/www.itineris-building.fr\/promoteur\/wp-content\/uploads\/2021\/03\/france-3766284_960_720.jpg\" class=\"attachment-large size-large wp-image-36805\" alt=\"\" srcset=\"https:\/\/www.itineris-building.fr\/promoteur\/wp-content\/uploads\/2021\/03\/france-3766284_960_720.jpg 960w, https:\/\/www.itineris-building.fr\/promoteur\/wp-content\/uploads\/2021\/03\/france-3766284_960_720-300x200.jpg 300w, https:\/\/www.itineris-building.fr\/promoteur\/wp-content\/uploads\/2021\/03\/france-3766284_960_720-768x512.jpg 768w, https:\/\/www.itineris-building.fr\/promoteur\/wp-content\/uploads\/2021\/03\/france-3766284_960_720-105x70.jpg 105w\" sizes=\"(max-width: 960px) 100vw, 960px\" \/>\t\t\t\t\t\t\t\t\t\t\t\t\t\t\t<\/div>\n\t\t\t\t<\/div>\n\t\t\t\t\t<\/div>\n\t\t<\/div>\n\t\t\t\t\t<\/div>\n\t\t<\/section>\n\t\t\t\t<\/div>\n\t\t","protected":false},"excerpt":{"rendered":"<p>(Article Se Loger du 18 mars 2021)\u00a0 T\u00e9l\u00e9charger l&rsquo;article : \u00ab\u00a0A Clermont-Ferrand, l\u2019emplacement est un sujet majeur pour les acheteurs\u00a0\u00bb \u00a0<\/p>\n","protected":false},"author":12,"featured_media":31802,"comment_status":"closed","ping_status":"open","sticky":false,"template":"","format":"standard","meta":{"footnotes":""},"categories":[573],"tags":[],"class_list":["post-37445","post","type-post","status-publish","format-standard","has-post-thumbnail","hentry","category-immobilier"],"yoast_head":"<!-- This site is optimized with the Yoast SEO plugin v26.8 - https:\/\/yoast.com\/product\/yoast-seo-wordpress\/ -->\n<title>\u00ab A Clermont-Ferrand, l\u2019emplacement est un sujet majeur pour les acheteurs \u00bb - Itineris Building - Promoteur<\/title>\n<meta name=\"description\" content=\"Philippe Vigneron, dirigeant d\u2019Itineris Building Promotion et Itineris Building Transaction, \u00e0 Clermont-Ferrand, d\u00e9crypte le march\u00e9 immobilier de la capitale du Puy-de-D\u00f4me.\" \/>\n<meta name=\"robots\" content=\"index, follow, max-snippet:-1, max-image-preview:large, max-video-preview:-1\" \/>\n<link rel=\"canonical\" href=\"https:\/\/www.itineris-building.fr\/promoteur\/a-clermont-ferrand-lemplacement-est-un-sujet-majeur-pour-les-acheteurs\/\" \/>\n<meta property=\"og:locale\" content=\"fr_FR\" \/>\n<meta property=\"og:type\" content=\"article\" \/>\n<meta property=\"og:title\" content=\"\u00ab A Clermont-Ferrand, l\u2019emplacement est un sujet majeur pour les acheteurs \u00bb - Itineris Building - Promoteur\" \/>\n<meta property=\"og:description\" content=\"Philippe Vigneron, dirigeant d\u2019Itineris Building Promotion et Itineris Building Transaction, \u00e0 Clermont-Ferrand, d\u00e9crypte le march\u00e9 immobilier de la capitale du Puy-de-D\u00f4me.\" \/>\n<meta property=\"og:url\" content=\"https:\/\/www.itineris-building.fr\/promoteur\/a-clermont-ferrand-lemplacement-est-un-sujet-majeur-pour-les-acheteurs\/\" \/>\n<meta property=\"og:site_name\" content=\"Itineris Building - Promoteur\" \/>\n<meta property=\"article:published_time\" content=\"2021-04-13T13:00:23+00:00\" \/>\n<meta property=\"article:modified_time\" content=\"2021-04-14T15:19:22+00:00\" \/>\n<meta property=\"og:image\" content=\"https:\/\/www.itineris-building.fr\/promoteur\/wp-content\/uploads\/2020\/01\/Vign-22062012.jpg\" \/>\n\t<meta property=\"og:image:width\" content=\"100\" \/>\n\t<meta property=\"og:image:height\" content=\"67\" \/>\n\t<meta property=\"og:image:type\" content=\"image\/jpeg\" \/>\n<meta name=\"author\" content=\"Itineris Building\" \/>\n<meta name=\"twitter:card\" content=\"summary_large_image\" \/>\n<meta name=\"twitter:label1\" content=\"\u00c9crit par\" \/>\n\t<meta name=\"twitter:data1\" content=\"Itineris Building\" \/>\n<script type=\"application\/ld+json\" class=\"yoast-schema-graph\">{\"@context\":\"https:\/\/schema.org\",\"@graph\":[{\"@type\":\"Article\",\"@id\":\"https:\/\/www.itineris-building.fr\/promoteur\/a-clermont-ferrand-lemplacement-est-un-sujet-majeur-pour-les-acheteurs\/#article\",\"isPartOf\":{\"@id\":\"https:\/\/www.itineris-building.fr\/promoteur\/a-clermont-ferrand-lemplacement-est-un-sujet-majeur-pour-les-acheteurs\/\"},\"author\":{\"name\":\"Itineris Building\",\"@id\":\"https:\/\/www.itineris-building.fr\/promoteur\/#\/schema\/person\/cb70ddb6214c2ea3a5348d94186ea8c7\"},\"headline\":\"\u00ab A Clermont-Ferrand, l\u2019emplacement est un sujet majeur pour les acheteurs \u00bb\",\"datePublished\":\"2021-04-13T13:00:23+00:00\",\"dateModified\":\"2021-04-14T15:19:22+00:00\",\"mainEntityOfPage\":{\"@id\":\"https:\/\/www.itineris-building.fr\/promoteur\/a-clermont-ferrand-lemplacement-est-un-sujet-majeur-pour-les-acheteurs\/\"},\"wordCount\":31,\"image\":{\"@id\":\"https:\/\/www.itineris-building.fr\/promoteur\/a-clermont-ferrand-lemplacement-est-un-sujet-majeur-pour-les-acheteurs\/#primaryimage\"},\"thumbnailUrl\":\"https:\/\/www.itineris-building.fr\/promoteur\/wp-content\/uploads\/2020\/01\/Vign-22062012.jpg\",\"articleSection\":[\"Immobilier\"],\"inLanguage\":\"fr-FR\"},{\"@type\":\"WebPage\",\"@id\":\"https:\/\/www.itineris-building.fr\/promoteur\/a-clermont-ferrand-lemplacement-est-un-sujet-majeur-pour-les-acheteurs\/\",\"url\":\"https:\/\/www.itineris-building.fr\/promoteur\/a-clermont-ferrand-lemplacement-est-un-sujet-majeur-pour-les-acheteurs\/\",\"name\":\"\u00ab A Clermont-Ferrand, l\u2019emplacement est un sujet majeur pour les acheteurs \u00bb - Itineris Building - Promoteur\",\"isPartOf\":{\"@id\":\"https:\/\/www.itineris-building.fr\/promoteur\/#website\"},\"primaryImageOfPage\":{\"@id\":\"https:\/\/www.itineris-building.fr\/promoteur\/a-clermont-ferrand-lemplacement-est-un-sujet-majeur-pour-les-acheteurs\/#primaryimage\"},\"image\":{\"@id\":\"https:\/\/www.itineris-building.fr\/promoteur\/a-clermont-ferrand-lemplacement-est-un-sujet-majeur-pour-les-acheteurs\/#primaryimage\"},\"thumbnailUrl\":\"https:\/\/www.itineris-building.fr\/promoteur\/wp-content\/uploads\/2020\/01\/Vign-22062012.jpg\",\"datePublished\":\"2021-04-13T13:00:23+00:00\",\"dateModified\":\"2021-04-14T15:19:22+00:00\",\"author\":{\"@id\":\"https:\/\/www.itineris-building.fr\/promoteur\/#\/schema\/person\/cb70ddb6214c2ea3a5348d94186ea8c7\"},\"description\":\"Philippe Vigneron, dirigeant d\u2019Itineris Building Promotion et Itineris Building Transaction, \u00e0 Clermont-Ferrand, d\u00e9crypte le march\u00e9 immobilier de la capitale du Puy-de-D\u00f4me.\",\"breadcrumb\":{\"@id\":\"https:\/\/www.itineris-building.fr\/promoteur\/a-clermont-ferrand-lemplacement-est-un-sujet-majeur-pour-les-acheteurs\/#breadcrumb\"},\"inLanguage\":\"fr-FR\",\"potentialAction\":[{\"@type\":\"ReadAction\",\"target\":[\"https:\/\/www.itineris-building.fr\/promoteur\/a-clermont-ferrand-lemplacement-est-un-sujet-majeur-pour-les-acheteurs\/\"]}]},{\"@type\":\"ImageObject\",\"inLanguage\":\"fr-FR\",\"@id\":\"https:\/\/www.itineris-building.fr\/promoteur\/a-clermont-ferrand-lemplacement-est-un-sujet-majeur-pour-les-acheteurs\/#primaryimage\",\"url\":\"https:\/\/www.itineris-building.fr\/promoteur\/wp-content\/uploads\/2020\/01\/Vign-22062012.jpg\",\"contentUrl\":\"https:\/\/www.itineris-building.fr\/promoteur\/wp-content\/uploads\/2020\/01\/Vign-22062012.jpg\",\"width\":100,\"height\":67,\"caption\":\"Auvergne \u00ab Un volume d\u2019activit\u00e9 modeste \u00bb\"},{\"@type\":\"BreadcrumbList\",\"@id\":\"https:\/\/www.itineris-building.fr\/promoteur\/a-clermont-ferrand-lemplacement-est-un-sujet-majeur-pour-les-acheteurs\/#breadcrumb\",\"itemListElement\":[{\"@type\":\"ListItem\",\"position\":1,\"name\":\"Accueil\",\"item\":\"https:\/\/www.itineris-building.fr\/promoteur\/\"},{\"@type\":\"ListItem\",\"position\":2,\"name\":\"\u00ab A Clermont-Ferrand, l\u2019emplacement est un sujet majeur pour les acheteurs \u00bb\"}]},{\"@type\":\"WebSite\",\"@id\":\"https:\/\/www.itineris-building.fr\/promoteur\/#website\",\"url\":\"https:\/\/www.itineris-building.fr\/promoteur\/\",\"name\":\"Itineris Building - Promoteur\",\"description\":\"Un site utilisant WordPress\",\"potentialAction\":[{\"@type\":\"SearchAction\",\"target\":{\"@type\":\"EntryPoint\",\"urlTemplate\":\"https:\/\/www.itineris-building.fr\/promoteur\/?s={search_term_string}\"},\"query-input\":{\"@type\":\"PropertyValueSpecification\",\"valueRequired\":true,\"valueName\":\"search_term_string\"}}],\"inLanguage\":\"fr-FR\"},{\"@type\":\"Person\",\"@id\":\"https:\/\/www.itineris-building.fr\/promoteur\/#\/schema\/person\/cb70ddb6214c2ea3a5348d94186ea8c7\",\"name\":\"Itineris Building\",\"image\":{\"@type\":\"ImageObject\",\"inLanguage\":\"fr-FR\",\"@id\":\"https:\/\/www.itineris-building.fr\/promoteur\/#\/schema\/person\/image\/\",\"url\":\"https:\/\/secure.gravatar.com\/avatar\/5ca1ecbdb4ca20a43dd513e55c0540de5d920e362dfc28226a56a367dec1e2c6?s=96&d=mm&r=g\",\"contentUrl\":\"https:\/\/secure.gravatar.com\/avatar\/5ca1ecbdb4ca20a43dd513e55c0540de5d920e362dfc28226a56a367dec1e2c6?s=96&d=mm&r=g\",\"caption\":\"Itineris Building\"},\"url\":\"https:\/\/www.itineris-building.fr\/promoteur\/author\/plassalasitineris-building-fr\/\"}]}<\/script>\n<!-- \/ Yoast SEO plugin. -->","yoast_head_json":{"title":"\u00ab A Clermont-Ferrand, l\u2019emplacement est un sujet majeur pour les acheteurs \u00bb - Itineris Building - Promoteur","description":"Philippe Vigneron, dirigeant d\u2019Itineris Building Promotion et Itineris Building Transaction, \u00e0 Clermont-Ferrand, d\u00e9crypte le march\u00e9 immobilier de la capitale du Puy-de-D\u00f4me.","robots":{"index":"index","follow":"follow","max-snippet":"max-snippet:-1","max-image-preview":"max-image-preview:large","max-video-preview":"max-video-preview:-1"},"canonical":"https:\/\/www.itineris-building.fr\/promoteur\/a-clermont-ferrand-lemplacement-est-un-sujet-majeur-pour-les-acheteurs\/","og_locale":"fr_FR","og_type":"article","og_title":"\u00ab A Clermont-Ferrand, l\u2019emplacement est un sujet majeur pour les acheteurs \u00bb - Itineris Building - Promoteur","og_description":"Philippe Vigneron, dirigeant d\u2019Itineris Building Promotion et Itineris Building Transaction, \u00e0 Clermont-Ferrand, d\u00e9crypte le march\u00e9 immobilier de la capitale du Puy-de-D\u00f4me.","og_url":"https:\/\/www.itineris-building.fr\/promoteur\/a-clermont-ferrand-lemplacement-est-un-sujet-majeur-pour-les-acheteurs\/","og_site_name":"Itineris Building - Promoteur","article_published_time":"2021-04-13T13:00:23+00:00","article_modified_time":"2021-04-14T15:19:22+00:00","og_image":[{"width":100,"height":67,"url":"https:\/\/www.itineris-building.fr\/promoteur\/wp-content\/uploads\/2020\/01\/Vign-22062012.jpg","type":"image\/jpeg"}],"author":"Itineris Building","twitter_card":"summary_large_image","twitter_misc":{"\u00c9crit par":"Itineris Building"},"schema":{"@context":"https:\/\/schema.org","@graph":[{"@type":"Article","@id":"https:\/\/www.itineris-building.fr\/promoteur\/a-clermont-ferrand-lemplacement-est-un-sujet-majeur-pour-les-acheteurs\/#article","isPartOf":{"@id":"https:\/\/www.itineris-building.fr\/promoteur\/a-clermont-ferrand-lemplacement-est-un-sujet-majeur-pour-les-acheteurs\/"},"author":{"name":"Itineris Building","@id":"https:\/\/www.itineris-building.fr\/promoteur\/#\/schema\/person\/cb70ddb6214c2ea3a5348d94186ea8c7"},"headline":"\u00ab A Clermont-Ferrand, l\u2019emplacement est un sujet majeur pour les acheteurs \u00bb","datePublished":"2021-04-13T13:00:23+00:00","dateModified":"2021-04-14T15:19:22+00:00","mainEntityOfPage":{"@id":"https:\/\/www.itineris-building.fr\/promoteur\/a-clermont-ferrand-lemplacement-est-un-sujet-majeur-pour-les-acheteurs\/"},"wordCount":31,"image":{"@id":"https:\/\/www.itineris-building.fr\/promoteur\/a-clermont-ferrand-lemplacement-est-un-sujet-majeur-pour-les-acheteurs\/#primaryimage"},"thumbnailUrl":"https:\/\/www.itineris-building.fr\/promoteur\/wp-content\/uploads\/2020\/01\/Vign-22062012.jpg","articleSection":["Immobilier"],"inLanguage":"fr-FR"},{"@type":"WebPage","@id":"https:\/\/www.itineris-building.fr\/promoteur\/a-clermont-ferrand-lemplacement-est-un-sujet-majeur-pour-les-acheteurs\/","url":"https:\/\/www.itineris-building.fr\/promoteur\/a-clermont-ferrand-lemplacement-est-un-sujet-majeur-pour-les-acheteurs\/","name":"\u00ab A Clermont-Ferrand, l\u2019emplacement est un sujet majeur pour les acheteurs \u00bb - Itineris Building - Promoteur","isPartOf":{"@id":"https:\/\/www.itineris-building.fr\/promoteur\/#website"},"primaryImageOfPage":{"@id":"https:\/\/www.itineris-building.fr\/promoteur\/a-clermont-ferrand-lemplacement-est-un-sujet-majeur-pour-les-acheteurs\/#primaryimage"},"image":{"@id":"https:\/\/www.itineris-building.fr\/promoteur\/a-clermont-ferrand-lemplacement-est-un-sujet-majeur-pour-les-acheteurs\/#primaryimage"},"thumbnailUrl":"https:\/\/www.itineris-building.fr\/promoteur\/wp-content\/uploads\/2020\/01\/Vign-22062012.jpg","datePublished":"2021-04-13T13:00:23+00:00","dateModified":"2021-04-14T15:19:22+00:00","author":{"@id":"https:\/\/www.itineris-building.fr\/promoteur\/#\/schema\/person\/cb70ddb6214c2ea3a5348d94186ea8c7"},"description":"Philippe Vigneron, dirigeant d\u2019Itineris Building Promotion et Itineris Building Transaction, \u00e0 Clermont-Ferrand, d\u00e9crypte le march\u00e9 immobilier de la capitale du Puy-de-D\u00f4me.","breadcrumb":{"@id":"https:\/\/www.itineris-building.fr\/promoteur\/a-clermont-ferrand-lemplacement-est-un-sujet-majeur-pour-les-acheteurs\/#breadcrumb"},"inLanguage":"fr-FR","potentialAction":[{"@type":"ReadAction","target":["https:\/\/www.itineris-building.fr\/promoteur\/a-clermont-ferrand-lemplacement-est-un-sujet-majeur-pour-les-acheteurs\/"]}]},{"@type":"ImageObject","inLanguage":"fr-FR","@id":"https:\/\/www.itineris-building.fr\/promoteur\/a-clermont-ferrand-lemplacement-est-un-sujet-majeur-pour-les-acheteurs\/#primaryimage","url":"https:\/\/www.itineris-building.fr\/promoteur\/wp-content\/uploads\/2020\/01\/Vign-22062012.jpg","contentUrl":"https:\/\/www.itineris-building.fr\/promoteur\/wp-content\/uploads\/2020\/01\/Vign-22062012.jpg","width":100,"height":67,"caption":"Auvergne \u00ab Un volume d\u2019activit\u00e9 modeste \u00bb"},{"@type":"BreadcrumbList","@id":"https:\/\/www.itineris-building.fr\/promoteur\/a-clermont-ferrand-lemplacement-est-un-sujet-majeur-pour-les-acheteurs\/#breadcrumb","itemListElement":[{"@type":"ListItem","position":1,"name":"Accueil","item":"https:\/\/www.itineris-building.fr\/promoteur\/"},{"@type":"ListItem","position":2,"name":"\u00ab A Clermont-Ferrand, l\u2019emplacement est un sujet majeur pour les acheteurs \u00bb"}]},{"@type":"WebSite","@id":"https:\/\/www.itineris-building.fr\/promoteur\/#website","url":"https:\/\/www.itineris-building.fr\/promoteur\/","name":"Itineris Building - Promoteur","description":"Un site utilisant WordPress","potentialAction":[{"@type":"SearchAction","target":{"@type":"EntryPoint","urlTemplate":"https:\/\/www.itineris-building.fr\/promoteur\/?s={search_term_string}"},"query-input":{"@type":"PropertyValueSpecification","valueRequired":true,"valueName":"search_term_string"}}],"inLanguage":"fr-FR"},{"@type":"Person","@id":"https:\/\/www.itineris-building.fr\/promoteur\/#\/schema\/person\/cb70ddb6214c2ea3a5348d94186ea8c7","name":"Itineris Building","image":{"@type":"ImageObject","inLanguage":"fr-FR","@id":"https:\/\/www.itineris-building.fr\/promoteur\/#\/schema\/person\/image\/","url":"https:\/\/secure.gravatar.com\/avatar\/5ca1ecbdb4ca20a43dd513e55c0540de5d920e362dfc28226a56a367dec1e2c6?s=96&d=mm&r=g","contentUrl":"https:\/\/secure.gravatar.com\/avatar\/5ca1ecbdb4ca20a43dd513e55c0540de5d920e362dfc28226a56a367dec1e2c6?s=96&d=mm&r=g","caption":"Itineris Building"},"url":"https:\/\/www.itineris-building.fr\/promoteur\/author\/plassalasitineris-building-fr\/"}]}},"_links":{"self":[{"href":"https:\/\/www.itineris-building.fr\/promoteur\/wp-json\/wp\/v2\/posts\/37445","targetHints":{"allow":["GET"]}}],"collection":[{"href":"https:\/\/www.itineris-building.fr\/promoteur\/wp-json\/wp\/v2\/posts"}],"about":[{"href":"https:\/\/www.itineris-building.fr\/promoteur\/wp-json\/wp\/v2\/types\/post"}],"author":[{"embeddable":true,"href":"https:\/\/www.itineris-building.fr\/promoteur\/wp-json\/wp\/v2\/users\/12"}],"replies":[{"embeddable":true,"href":"https:\/\/www.itineris-building.fr\/promoteur\/wp-json\/wp\/v2\/comments?post=37445"}],"version-history":[{"count":21,"href":"https:\/\/www.itineris-building.fr\/promoteur\/wp-json\/wp\/v2\/posts\/37445\/revisions"}],"predecessor-version":[{"id":37626,"href":"https:\/\/www.itineris-building.fr\/promoteur\/wp-json\/wp\/v2\/posts\/37445\/revisions\/37626"}],"wp:featuredmedia":[{"embeddable":true,"href":"https:\/\/www.itineris-building.fr\/promoteur\/wp-json\/wp\/v2\/media\/31802"}],"wp:attachment":[{"href":"https:\/\/www.itineris-building.fr\/promoteur\/wp-json\/wp\/v2\/media?parent=37445"}],"wp:term":[{"taxonomy":"category","embeddable":true,"href":"https:\/\/www.itineris-building.fr\/promoteur\/wp-json\/wp\/v2\/categories?post=37445"},{"taxonomy":"post_tag","embeddable":true,"href":"https:\/\/www.itineris-building.fr\/promoteur\/wp-json\/wp\/v2\/tags?post=37445"}],"curies":[{"name":"wp","href":"https:\/\/api.w.org\/{rel}","templated":true}]}}